{"id":7072,"date":"2022-07-18T10:59:34","date_gmt":"2022-07-18T10:59:34","guid":{"rendered":"https:\/\/egbasquet.blog\/?p=7072"},"modified":"2022-07-18T11:09:50","modified_gmt":"2022-07-18T11:09:50","slug":"defensar-la-sacada-de-banda-amb-dos-jugadors-amb-envergadura","status":"publish","type":"post","link":"https:\/\/egbasquet.blog\/?p=7072","title":{"rendered":"Defensar la sacada de banda amb dos jugadors amb envergadura"},"content":{"rendered":"\t\t<div data-elementor-type=\"wp-post\" data-elementor-id=\"7072\" class=\"elementor elementor-7072\" data-elementor-post-type=\"post\">\n\t\t\t\t\t\t<section class=\"elementor-section elementor-top-section elementor-element elementor-element-23c1c72 elementor-section-boxed elementor-section-height-default elementor-section-height-default\" data-id=\"23c1c72\" data-element_type=\"section\" data-e-type=\"section\">\n\t\t\t\t\t\t<div class=\"elementor-container elementor-column-gap-default\">\n\t\t\t\t\t<div class=\"elementor-column elementor-col-100 elementor-top-column elementor-element elementor-element-2ab979c\" data-id=\"2ab979c\" data-element_type=\"column\" data-e-type=\"column\">\n\t\t\t<div class=\"elementor-widget-wrap elementor-element-populated\">\n\t\t\t\t\t\t<div class=\"elementor-element elementor-element-803b8c3 elementor-widget elementor-widget-text-editor\" data-id=\"803b8c3\" data-element_type=\"widget\" data-e-type=\"widget\" data-widget_type=\"text-editor.default\">\n\t\t\t\t<div class=\"elementor-widget-container\">\n\t\t\t\t\t\t\t\t\t<p>Aquesta entrada est\u00e0 relacionada amb la publicaci\u00f3 &#8216;<a href=\"https:\/\/egbasquet.blog\/?p=3449\" target=\"_blank\" rel=\"noopener\"><strong>Defensar la sacada de banda amb el jugador que t\u00e9 m\u00e9s envergadura<\/strong><\/a>&#8216;.<\/p>\n<p>A quarts de final de la FIBA U17&nbsp;<span class=\"hiddenSpellError\">Basketball<\/span>&nbsp;<span class=\"hiddenSpellError\">World<\/span>&nbsp;Cup 2022 &#8211; M\u00e0laga, la selecci\u00f3 d&#8217;Austr\u00e0lia va defensar la sacada de banda amb dos jugadors amb envergadura.<br>Personalment, no ho havia vist mai i comentant el partit amb els amics creiem que l&#8217;entrenador buscava:<br>&#8211; Fer que la passada no arrib\u00e9s tensa el seu destinatari, aix\u00ed la defensa podia arribar a cometre una falta que permetis que s&#8217;atur\u00e9s el rellotge de joc.<br>&#8211; Interceptar la pilota.<br>&#8211; Exhaurir els cinc segons que disposa l&#8217;atac per sacar.<\/p>\t\t\t\t\t\t\t\t<\/div>\n\t\t\t\t<\/div>\n\t\t\t\t\t<\/div>\n\t\t<\/div>\n\t\t\t\t\t<\/div>\n\t\t<\/section>\n\t\t\t\t<section class=\"elementor-section elementor-top-section elementor-element elementor-element-7c27fa0 elementor-section-boxed elementor-section-height-default elementor-section-height-default\" data-id=\"7c27fa0\" data-element_type=\"section\" data-e-type=\"section\">\n\t\t\t\t\t\t<div class=\"elementor-container elementor-column-gap-default\">\n\t\t\t\t\t<div class=\"elementor-column elementor-col-100 elementor-top-column elementor-element elementor-element-7937a0c\" data-id=\"7937a0c\" data-element_type=\"column\" data-e-type=\"column\">\n\t\t\t<div class=\"elementor-widget-wrap elementor-element-populated\">\n\t\t\t\t\t\t<div class=\"elementor-element elementor-element-3a89a30 elementor-widget elementor-widget-video\" data-id=\"3a89a30\" data-element_type=\"widget\" data-e-type=\"widget\" data-settings=\"{&quot;youtube_url&quot;:&quot;https:\\\/\\\/youtu.be\\\/pdow8E9OiSU&quot;,&quot;video_type&quot;:&quot;youtube&quot;,&quot;controls&quot;:&quot;yes&quot;}\" data-widget_type=\"video.default\">\n\t\t\t\t<div class=\"elementor-widget-container\">\n\t\t\t\t\t\t\t<div class=\"elementor-wrapper elementor-open-inline\">\n\t\t\t<div class=\"elementor-video\"><\/div>\t\t<\/div>\n\t\t\t\t\t\t<\/div>\n\t\t\t\t<\/div>\n\t\t\t\t\t<\/div>\n\t\t<\/div>\n\t\t\t\t\t<\/div>\n\t\t<\/section>\n\t\t\t\t<\/div>\n\t\t","protected":false},"excerpt":{"rendered":"<p>Aquesta entrada est\u00e0 relacionada amb la publicaci\u00f3 &#8216;Defensar la sacada de banda amb el jugador que t\u00e9 m\u00e9s envergadura&#8216;. A quarts de final de la FIBA U17&nbsp;Basketball&nbsp;World&nbsp;Cup 2022 &#8211; M\u00e0laga, la selecci\u00f3 d&#8217;Austr\u00e0lia va defensar la sacada de banda amb dos jugadors amb envergadura.Personalment, no ho havia vist mai i comentant el partit amb els [&hellip;]<\/p>\n","protected":false},"author":149799749,"featured_media":7075,"comment_status":"closed","ping_status":"closed","sticky":false,"template":"","format":"standard","meta":{"_coblocks_attr":"","_coblocks_dimensions":"","_coblocks_responsive_height":"","_coblocks_accordion_ie_support":"","_crdt_document":"","_jetpack_newsletter_access":"","_jetpack_dont_email_post_to_subs":false,"_jetpack_newsletter_tier_id":0,"_jetpack_memberships_contains_paywalled_content":false,"_jetpack_memberships_contains_paid_content":false,"footnotes":"","jetpack_publicize_message":"","jetpack_publicize_feature_enabled":true,"jetpack_social_post_already_shared":true,"jetpack_social_options":{"image_generator_settings":{"template":"highway","default_image_id":0,"font":"","enabled":false},"version":2},"_wpas_customize_per_network":false,"jetpack_post_was_ever_published":false},"categories":[121954,121900],"tags":[],"class_list":["post-7072","post","type-post","status-publish","format-standard","has-post-thumbnail","hentry","category-defensa","category-skills"],"jetpack_publicize_connections":[],"jetpack_featured_media_url":"https:\/\/i0.wp.com\/egbasquet.blog\/wp-content\/uploads\/2022\/07\/52205558730_93f15aea61_k-e1658142078825.jpg?fit=2047%2C1264&ssl=1","jetpack_sharing_enabled":true,"jetpack_shortlink":"https:\/\/wp.me\/paymva-1Q4","amp_enabled":true,"_links":{"self":[{"href":"https:\/\/egbasquet.blog\/index.php?rest_route=\/wp\/v2\/posts\/7072","targetHints":{"allow":["GET"]}}],"collection":[{"href":"https:\/\/egbasquet.blog\/index.php?rest_route=\/wp\/v2\/posts"}],"about":[{"href":"https:\/\/egbasquet.blog\/index.php?rest_route=\/wp\/v2\/types\/post"}],"author":[{"embeddable":true,"href":"https:\/\/egbasquet.blog\/index.php?rest_route=\/wp\/v2\/users\/149799749"}],"replies":[{"embeddable":true,"href":"https:\/\/egbasquet.blog\/index.php?rest_route=%2Fwp%2Fv2%2Fcomments&post=7072"}],"version-history":[{"count":15,"href":"https:\/\/egbasquet.blog\/index.php?rest_route=\/wp\/v2\/posts\/7072\/revisions"}],"predecessor-version":[{"id":7095,"href":"https:\/\/egbasquet.blog\/index.php?rest_route=\/wp\/v2\/posts\/7072\/revisions\/7095"}],"wp:featuredmedia":[{"embeddable":true,"href":"https:\/\/egbasquet.blog\/index.php?rest_route=\/wp\/v2\/media\/7075"}],"wp:attachment":[{"href":"https:\/\/egbasquet.blog\/index.php?rest_route=%2Fwp%2Fv2%2Fmedia&parent=7072"}],"wp:term":[{"taxonomy":"category","embeddable":true,"href":"https:\/\/egbasquet.blog\/index.php?rest_route=%2Fwp%2Fv2%2Fcategories&post=7072"},{"taxonomy":"post_tag","embeddable":true,"href":"https:\/\/egbasquet.blog\/index.php?rest_route=%2Fwp%2Fv2%2Ftags&post=7072"}],"curies":[{"name":"wp","href":"https:\/\/api.w.org\/{rel}","templated":true}]}}